{"id":169,"date":"2016-06-10T19:19:56","date_gmt":"2016-06-10T18:19:56","guid":{"rendered":"http:\/\/tallerdefuturo.org\/?p=169"},"modified":"2016-06-10T19:19:56","modified_gmt":"2016-06-10T18:19:56","slug":"nos-vemos-el-proximo-jueves","status":"publish","type":"post","link":"http:\/\/tallerdefuturo.org\/?p=169","title":{"rendered":"\u00bfNos vemos el pr\u00f3ximo jueves?"},"content":{"rendered":"<h5><a href=\"http:\/\/tallerdefuturo.org\/wp-content\/uploads\/2016\/06\/asamblea.jpg\" rel=\"attachment wp-att-171\"><img loading=\"lazy\" decoding=\"async\" class=\"wp-image-171 aligncenter\" src=\"http:\/\/tallerdefuturo.org\/wp-content\/uploads\/2016\/06\/asamblea-300x175.jpg\" alt=\"asamblea\" width=\"436\" height=\"254\" \/><\/a>ENCUENTROS AL BORDE DEL VERANO<\/h5>\n<p>Estimadas amigas, estimados amigos,<\/p>\n<p>el pr\u00f3ximo jueves 16, a las 18.30, tenemos previsto reunirnos en nuestra sede (el local 40 del Centro 21 de Marzo).<\/p>\n<p>El verano ya est\u00e1 aqu\u00ed y quiz\u00e1s esta sea una de las \u00faltimas ocasiones en que nos podamos juntar antes de que empiece la dispersi\u00f3n, as\u00ed que si os pod\u00e9is pasar estar\u00eda requetebi\u00e9n.<\/p>\n<p>En la reuni\u00f3n, de momento, tenemos previsto:<\/p>\n<p>&#8211; Que l*s futuristas que asistieron al CUPS-FEST, el encuentro de las candidaturas de unidad popular que se realiz\u00f3 el pasado s\u00e1bado en Pinto, nos informen de lo all\u00ed sucedido.<\/p>\n<p>&#8211; Que tambi\u00e9n informen quienes participaron este jueves en la asamblea abierta de G3C sobre la confluencia, en la que se present\u00f3 Unidos Podemos.<\/p>\n<p>&#8211; Ver c\u00f3mo va nuestro proyecto de organizar en el pr\u00f3ximo oto\u00f1o un acto sobre el pasado, el presente y el futuro de Tres Cantos , con motivo del 25 aniversario de la constituci\u00f3n del ayuntamiento de Tres cantos. Y prepararnos para seguir adelante con ello.<\/p>\n<p>&#8211; Arrancar con la organizaci\u00f3n de un acto, en fechas por determinar, sobre las iniciativas que se plantean una confluencia social, mas all\u00e1 de lo electoral y el trabajo institucional.<\/p>\n<p>Ya sabeis: No s\u00f3lo se puede participar en el encuentro presencialmente, pod\u00e9is hacernos llegar vuestras aportaciones escribiendo a esta lista.<\/p>\n<p>Igualmente, tambi\u00e9n no tiene mas que escribirnos quien quiera proponer que se hable de alg\u00fan otro tema.<\/p>\n<p>Aprovecho esta ocasi\u00f3n para adjuntaros estos dos enlaces:<\/p>\n<p><a href=\"http:\/\/mac1.uno\">Primeras jornadas de municipalismo, autogobierno y contrapoder<\/a><br \/>\nUn encuentro que convoca el <a href=\"http:\/\/institutodm.org\">Instituto Municipalismo y Democracia<\/a> y la <a href=\"http:\/\/www.fundaciondeloscomunes.net\">Fundaci\u00f3n de los comunes<\/a>, para el 1, 2 y 3 de julio en M\u00e1laga con los siguientes ejes de trabajo:<\/p>\n<p>1.- El movimiento municipalista y la cuesti\u00f3n de la organizaci\u00f3n.<br \/>\n2.- Espacios sociales y centros de gesti\u00f3n ciudadana.<br \/>\n3.- Sindicalismo social y derechos sociales.<br \/>\n4.- Trabajo, cooperativismo y remunicipalizaci\u00f3n.<br \/>\n5.- Taller de municipalismo europeo. La Europa de las ciudades rebeldes.<\/p>\n<p><a href=\"http:\/\/apoyomutuo.net\/de-la-confluencia-a-la-articulacion-multisectorial\/\">De la confluencia a la articulaci\u00f3n multisectorial<\/a><br \/>\nUna propuesta de confluencia de los movimientos sociales m\u00e1s all\u00e1 de lo electoral, elaborada por <a href=\"http:\/\/apoyomutuo.net\">Apoyo Mutuo<\/a> una iniciativa por la transformaci\u00f3n social surgida del componente libertario del movimiento de las plazas de 2011.<\/p>\n<p>Y esto es todo e momento.\u00a1Que vaya todo bien! Os dejo con Don Antonio Machado, que siempre nos viene bien escucharle a quienes nos movemos por la transformaci\u00f3n social&#8230;<\/p>\n<p style=\"text-align: center;\"><em>Huid de escenarios, p\u00falpitos, plataformas y pedestales. <strong>Nunca perd\u00e1is el contacto con el suelo<\/strong>; porque s\u00f3lo as\u00ed tendr\u00e9is una idea aproximada de vuestra estatura.<\/em><\/p>\n<p style=\"text-align: center;\"><a href=\"http:\/\/tallerdefuturo.org\/wp-content\/uploads\/2016\/06\/unnamed.jpg\" rel=\"attachment wp-att-170\"><img loading=\"lazy\" decoding=\"async\" class=\" wp-image-170 aligncenter\" src=\"http:\/\/tallerdefuturo.org\/wp-content\/uploads\/2016\/06\/unnamed-300x194.jpg\" alt=\"unnamed\" width=\"432\" height=\"279\" \/><\/a><\/p>\n<p style=\"text-align: center;\">\n<p>\u200b<br \/>\n\u200b<\/p>\n","protected":false},"excerpt":{"rendered":"<p>ENCUENTROS AL BORDE DEL VERANO Estimadas amigas, estimados amigos, el pr\u00f3ximo jueves 16, a las 18.30, tenemos previsto reunirnos en nuestra sede (el local 40 del Centro 21 de Marzo). El verano ya est\u00e1 aqu\u00ed y quiz\u00e1s esta sea una de las \u00faltimas ocasiones en que nos podamos juntar antes de que empiece la dispersi\u00f3n, &hellip; <a href=\"http:\/\/tallerdefuturo.org\/?p=169\" class=\"more-link\">Continuar leyendo<span class=\"screen-reader-text\"> \u00ab\u00bfNos vemos el pr\u00f3ximo jueves?\u00bb<\/span><\/a><\/p>\n","protected":false},"author":3,"featured_media":0,"comment_status":"open","ping_status":"open","sticky":false,"template":"","format":"standard","meta":{"footnotes":""},"categories":[1],"tags":[],"class_list":["post-169","post","type-post","status-publish","format-standard","hentry","category-uncategorized"],"_links":{"self":[{"href":"http:\/\/tallerdefuturo.org\/index.php?rest_route=\/wp\/v2\/posts\/169","targetHints":{"allow":["GET"]}}],"collection":[{"href":"http:\/\/tallerdefuturo.org\/index.php?rest_route=\/wp\/v2\/posts"}],"about":[{"href":"http:\/\/tallerdefuturo.org\/index.php?rest_route=\/wp\/v2\/types\/post"}],"author":[{"embeddable":true,"href":"http:\/\/tallerdefuturo.org\/index.php?rest_route=\/wp\/v2\/users\/3"}],"replies":[{"embeddable":true,"href":"http:\/\/tallerdefuturo.org\/index.php?rest_route=%2Fwp%2Fv2%2Fcomments&post=169"}],"version-history":[{"count":1,"href":"http:\/\/tallerdefuturo.org\/index.php?rest_route=\/wp\/v2\/posts\/169\/revisions"}],"predecessor-version":[{"id":172,"href":"http:\/\/tallerdefuturo.org\/index.php?rest_route=\/wp\/v2\/posts\/169\/revisions\/172"}],"wp:attachment":[{"href":"http:\/\/tallerdefuturo.org\/index.php?rest_route=%2Fwp%2Fv2%2Fmedia&parent=169"}],"wp:term":[{"taxonomy":"category","embeddable":true,"href":"http:\/\/tallerdefuturo.org\/index.php?rest_route=%2Fwp%2Fv2%2Fcategories&post=169"},{"taxonomy":"post_tag","embeddable":true,"href":"http:\/\/tallerdefuturo.org\/index.php?rest_route=%2Fwp%2Fv2%2Ftags&post=169"}],"curies":[{"name":"wp","href":"https:\/\/api.w.org\/{rel}","templated":true}]}}