{"id":173,"date":"2016-06-15T18:44:25","date_gmt":"2016-06-15T17:44:25","guid":{"rendered":"http:\/\/tallerdefuturo.org\/?p=173"},"modified":"2016-06-15T19:01:42","modified_gmt":"2016-06-15T18:01:42","slug":"quieres-oir-directamente-a-las-gentes-del-banc-expropiat","status":"publish","type":"post","link":"http:\/\/tallerdefuturo.org\/?p=173","title":{"rendered":"\u00bfQuieres o\u00edr, directamente, a las gentes del Banc Expropiat?"},"content":{"rendered":"<p><iframe loading=\"lazy\" src=\"https:\/\/player.vimeo.com\/video\/113681131\" width=\"840\" height=\"473\" frameborder=\"0\" title=\"El Banc Expropiat resisteix\" webkitallowfullscreen mozallowfullscreen allowfullscreen><\/iframe><\/p>\n<p>En las docenas y docenas de minutos, en los cientos y cientos de palabras dedicadas por los medios de desinformaci\u00f3n de masas hace unas semanas al desalojo del Banc Expropiat de Gracia (Barcelona), ha sido pr\u00e1cticamente imposible escuchar a los protagonistas de esa iniciativa social y comunitaria.<\/p>\n<p>En este v\u00eddeo les puedes escuchar hablar directamente. El original est\u00e1 en catal\u00e1n. Los subt\u00edtulos en castellano se activan pulsando CC.<\/p>\n<p>Ah, por cierto, aunque el asunto haya dejado de existir para los medios de incomunicaci\u00f3n, \u00a0la cosa se sigue moviendo:<\/p>\n<p>Por cierto, \u00a0L\u00b4Independent (El Independiente) de Gr\u00e0cia, \u00a0el peri\u00f3dico del barrio, informa de que se han puesto en marcha dos mesas (una de asociaciones y otra de comerciantes), con la participaci\u00f3n del BE, para hablar de \u00abla Gracia que volem\u00bb (la Gracia que queremos) y buscar una salida com\u00fan \u00a0al conflicto.<\/p>\n<p><a href=\"http:\/\/independent.cat\/gracia\/?p=16368\">Aqu\u00ed<\/a> tienes la noticia en catal\u00e1n. <a href=\"https:\/\/translate.google.es\/translate?hl=es&amp;sl=ca&amp;u=http:\/\/independent.cat\/gracia\/%3Fp%3D16368&amp;prev=search\">Aqu\u00ed<\/a>\u00a0en castellano.<\/p>\n<p>Y <a href=\"https:\/\/bancexpropiatgracia.wordpress.com\">aqu\u00ed <\/a>la web del Banc Expropiat de Gracia. Tiene algunos materiales en castellano. Si accedes a trav\u00e9s de Google, ya sabes: puedes pedir la traducci\u00f3n de la p\u00e1gina.<\/p>\n","protected":false},"excerpt":{"rendered":"<p>En las docenas y docenas de minutos, en los cientos y cientos de palabras dedicadas por los medios de desinformaci\u00f3n de masas hace unas semanas al desalojo del Banc Expropiat de Gracia (Barcelona), ha sido pr\u00e1cticamente imposible escuchar a los protagonistas de esa iniciativa social y comunitaria. En este v\u00eddeo les puedes escuchar hablar directamente. &hellip; <a href=\"http:\/\/tallerdefuturo.org\/?p=173\" class=\"more-link\">Continuar leyendo<span class=\"screen-reader-text\"> \u00ab\u00bfQuieres o\u00edr, directamente, a las gentes del Banc Expropiat?\u00bb<\/span><\/a><\/p>\n","protected":false},"author":3,"featured_media":0,"comment_status":"open","ping_status":"open","sticky":false,"template":"","format":"standard","meta":{"footnotes":""},"categories":[1],"tags":[28,27,29,30],"class_list":["post-173","post","type-post","status-publish","format-standard","hentry","category-uncategorized","tag-banc-expropiat","tag-dialogo-vecinal","tag-lindependent-de-gracia","tag-medios-de-desinformacion"],"_links":{"self":[{"href":"http:\/\/tallerdefuturo.org\/index.php?rest_route=\/wp\/v2\/posts\/173","targetHints":{"allow":["GET"]}}],"collection":[{"href":"http:\/\/tallerdefuturo.org\/index.php?rest_route=\/wp\/v2\/posts"}],"about":[{"href":"http:\/\/tallerdefuturo.org\/index.php?rest_route=\/wp\/v2\/types\/post"}],"author":[{"embeddable":true,"href":"http:\/\/tallerdefuturo.org\/index.php?rest_route=\/wp\/v2\/users\/3"}],"replies":[{"embeddable":true,"href":"http:\/\/tallerdefuturo.org\/index.php?rest_route=%2Fwp%2Fv2%2Fcomments&post=173"}],"version-history":[{"count":2,"href":"http:\/\/tallerdefuturo.org\/index.php?rest_route=\/wp\/v2\/posts\/173\/revisions"}],"predecessor-version":[{"id":175,"href":"http:\/\/tallerdefuturo.org\/index.php?rest_route=\/wp\/v2\/posts\/173\/revisions\/175"}],"wp:attachment":[{"href":"http:\/\/tallerdefuturo.org\/index.php?rest_route=%2Fwp%2Fv2%2Fmedia&parent=173"}],"wp:term":[{"taxonomy":"category","embeddable":true,"href":"http:\/\/tallerdefuturo.org\/index.php?rest_route=%2Fwp%2Fv2%2Fcategories&post=173"},{"taxonomy":"post_tag","embeddable":true,"href":"http:\/\/tallerdefuturo.org\/index.php?rest_route=%2Fwp%2Fv2%2Ftags&post=173"}],"curies":[{"name":"wp","href":"https:\/\/api.w.org\/{rel}","templated":true}]}}