{"id":186,"date":"2016-09-05T19:24:50","date_gmt":"2016-09-05T18:24:50","guid":{"rendered":"http:\/\/tallerdefuturo.org\/?p=186"},"modified":"2016-09-05T19:30:39","modified_gmt":"2016-09-05T18:30:39","slug":"con-la-lomce-volvemos-muy-atras-a-antes-de-1970","status":"publish","type":"post","link":"http:\/\/tallerdefuturo.org\/?p=186","title":{"rendered":"Con la LOMCE volvemos muy atr\u00e1s: a antes de&#8230; 1970"},"content":{"rendered":"<p>&nbsp;<\/p>\n<p><img loading=\"lazy\" decoding=\"async\" class=\"size-medium wp-image-187 aligncenter\" src=\"http:\/\/tallerdefuturo.org\/wp-content\/uploads\/2016\/09\/11011461_10153487355109458_980955820167911348_n-300x170.jpg\" alt=\"11011461_10153487355109458_980955820167911348_n\" width=\"300\" height=\"170\" \/><strong><span style=\"color: #ff0000;\">tmex, la tele social,<\/span><\/strong> entrevista a Pedro Uru\u00f1uela sobre el significado segregador y autoritario de la LOMCE.<\/p>\n<p>En la entrevista, el\u00a0exalcalde socialista de Tres Cantos, profesor de secundaria e inspector de educaci\u00f3n jubilado, se\u00f1ala que la Ley Wert se basa en planteamientos anteriores al Libro Blanco sobre Educaci\u00f3n de 1969.<\/p>\n<p>Puedes encontrar una versi\u00f3n reducida de la entrevista cliqueando <a href=\"https:\/\/vimeo.com\/139337405\">aqu\u00ed<\/a>. Y la entrevista \u00edntegra haci\u00e9ndolo <a href=\"https:\/\/vimeo.com\/139942668\">aqu\u00ed<\/a>.<\/p>\n<p><strong><span style=\"color: #ff0000;\"><a style=\"color: #ff0000;\" href=\"http:\/\/www.tmex.es\">tmex, la tele social<\/a><\/span><\/strong>\u00a0es una iniciativa de las y los trabajadores despedidos de Tele Madrid por el gobierno de Esperanza Aguirre.<\/p>\n","protected":false},"excerpt":{"rendered":"<p>&nbsp; tmex, la tele social, entrevista a Pedro Uru\u00f1uela sobre el significado segregador y autoritario de la LOMCE. En la entrevista, el\u00a0exalcalde socialista de Tres Cantos, profesor de secundaria e inspector de educaci\u00f3n jubilado, se\u00f1ala que la Ley Wert se basa en planteamientos anteriores al Libro Blanco sobre Educaci\u00f3n de 1969. Puedes encontrar una versi\u00f3n &hellip; <a href=\"http:\/\/tallerdefuturo.org\/?p=186\" class=\"more-link\">Continuar leyendo<span class=\"screen-reader-text\"> \u00abCon la LOMCE volvemos muy atr\u00e1s: a antes de&#8230; 1970\u00bb<\/span><\/a><\/p>\n","protected":false},"author":3,"featured_media":0,"comment_status":"open","ping_status":"open","sticky":false,"template":"","format":"standard","meta":{"footnotes":""},"categories":[1],"tags":[33,34,31,35,32],"class_list":["post-186","post","type-post","status-publish","format-standard","hentry","category-uncategorized","tag-educacion","tag-ley-wert","tag-lomce","tag-revalida","tag-tmex"],"_links":{"self":[{"href":"http:\/\/tallerdefuturo.org\/index.php?rest_route=\/wp\/v2\/posts\/186","targetHints":{"allow":["GET"]}}],"collection":[{"href":"http:\/\/tallerdefuturo.org\/index.php?rest_route=\/wp\/v2\/posts"}],"about":[{"href":"http:\/\/tallerdefuturo.org\/index.php?rest_route=\/wp\/v2\/types\/post"}],"author":[{"embeddable":true,"href":"http:\/\/tallerdefuturo.org\/index.php?rest_route=\/wp\/v2\/users\/3"}],"replies":[{"embeddable":true,"href":"http:\/\/tallerdefuturo.org\/index.php?rest_route=%2Fwp%2Fv2%2Fcomments&post=186"}],"version-history":[{"count":3,"href":"http:\/\/tallerdefuturo.org\/index.php?rest_route=\/wp\/v2\/posts\/186\/revisions"}],"predecessor-version":[{"id":191,"href":"http:\/\/tallerdefuturo.org\/index.php?rest_route=\/wp\/v2\/posts\/186\/revisions\/191"}],"wp:attachment":[{"href":"http:\/\/tallerdefuturo.org\/index.php?rest_route=%2Fwp%2Fv2%2Fmedia&parent=186"}],"wp:term":[{"taxonomy":"category","embeddable":true,"href":"http:\/\/tallerdefuturo.org\/index.php?rest_route=%2Fwp%2Fv2%2Fcategories&post=186"},{"taxonomy":"post_tag","embeddable":true,"href":"http:\/\/tallerdefuturo.org\/index.php?rest_route=%2Fwp%2Fv2%2Ftags&post=186"}],"curies":[{"name":"wp","href":"https:\/\/api.w.org\/{rel}","templated":true}]}}