{"id":193,"date":"2016-10-23T13:29:32","date_gmt":"2016-10-23T12:29:32","guid":{"rendered":"http:\/\/tallerdefuturo.org\/?p=193"},"modified":"2016-12-22T19:14:39","modified_gmt":"2016-12-22T18:14:39","slug":"encuesta-25-aniversario-tres-cantos","status":"publish","type":"post","link":"http:\/\/tallerdefuturo.org\/?p=193","title":{"rendered":"Encuesta &#8211; 25 Aniversario Tres Cantos"},"content":{"rendered":"<p><a href=\"https:\/\/goo.gl\/forms\/N5VCfSulmzXi13ql1\" rel=\"attachment wp-att-201\"><img loading=\"lazy\" decoding=\"async\" class=\" wp-image-201 alignleft\" src=\"http:\/\/tallerdefuturo.org\/wp-content\/uploads\/2016\/10\/TdFenc-212x300.jpg\" alt=\"Encuesta25Aniv\" width=\"263\" height=\"372\" \/><\/a><strong>\u00bfVives en Tres Cantos? &#8211; Encuesta Octubre 2016<\/strong><\/p>\n<div class=\"freebirdFormviewerViewHeaderDescription\" dir=\"auto\">\n<p>A los 25 a\u00f1os de la creaci\u00f3n de Tres Cantos como municipio independiente, desde Taller de Futuro lanzamos esta encuesta para conocer como lo percibimos actualmente. Con el resultado podremos iniciar un debate sobre los aspectos que m\u00e1s requieren nuestra atenci\u00f3n.<\/p>\n<p lang=\"es-ES\" align=\"LEFT\"><span style=\"color: #000000;\"><span style=\"font-family: Helvetica, serif;\"><span style=\"font-size: small;\"><span style=\"font-size: medium;\"><span lang=\"es-ES\">Como t\u00fa, est\u00e1bamos hartos de que las preguntas siempre nos las hicieran los mismos. Los bancos, las inmobiliarias, el gobierno, la oposici\u00f3n, los medios\u2026 Y nos empezamos a preguntar qu\u00e9 nos gustar\u00eda saber de lo que pensamos, nosotras y nosotros, la gente de Tres Cantos, de la ciudad que tenemos\u2026 y de la que nos gustar\u00eda tener\u2026 Y nos salieron unas cuantas preguntas\u2026 que nunca nadie nos hab\u00eda hecho. <\/span><\/span><\/span><\/span><\/span><\/p>\n<blockquote><p>Es una encuesta dirigida a residentes de Tres Cantos, <strong>an\u00f3nima<\/strong>. No se requieren datos personales de los participantes. Estar\u00e1 abierta <strong>entre el d\u00eda 24 de Octubre y el 9 de Noviembre.<\/strong><\/p><\/blockquote>\n<p>En total, realizar el cuestionario <strong>puede completarse en menos de 5 minutos<\/strong>. Agradecemos que solo sea realizada una vez por cada vecino.<\/p>\n<\/div>\n<p><a href=\"https:\/\/goo.gl\/forms\/N5VCfSulmzXi13ql1\" target=\"_blank\">Entra en la encuesta<\/a>\u00a0o\u00a0<!--more--><\/p>\n<p>El cuestionario contiene 11 preguntas en total.<\/p>\n<p>Cada una con una breve descripci\u00f3n del tema y las posibles <strong>respuestas a seleccionar o escribir una respuesta alternativa.<\/strong><\/p>\n<p>Los resultados los publicaremos en la p\u00e1gina web de Taller de Futuro.<br \/>\n<a href=\"https:\/\/www.google.com\/url?q=http:\/\/tallerdefuturo.org&amp;sa=D&amp;ust=1477225835194000&amp;usg=AFQjCNHcPpUEUQKFcqUJ7c0HG03ZGBjdTw\">http:\/\/tallerdefuturo.org<\/a><\/p>\n<p lang=\"es-ES\" align=\"LEFT\"><span style=\"color: #000000;\"><span style=\"font-family: Helvetica, serif;\"><span style=\"font-size: small;\"><span style=\"font-size: medium;\"><span lang=\"es-ES\">Y luego, si nos ayudas, haremos sonar muy fuerte tus respuestas.<\/span><\/span><\/span><\/span><\/span><\/p>\n<p>Resumen de los temas:<br \/>\n1.- Transporte publico municipal e interurbano.<br \/>\n2.- Gesti\u00f3n del Ayuntamiento.<br \/>\n3.- Canales de participaci\u00f3n vecinal en el Ayuntamiento.<br \/>\n4.- Participaci\u00f3n vecinal en las actividades socio-culturales.<br \/>\n5.- Valoraci\u00f3n de la educaci\u00f3n en Tres Cantos.<br \/>\n6.- Valoraci\u00f3n de los centros de salud en Tres Cantos.<br \/>\n7.- Valoraci\u00f3n del coste de la vida en Tres Cantos.<br \/>\n8.- Valoraci\u00f3n de los servicios sociales municipales.<br \/>\n9.- Protecci\u00f3n de nuestro patrimonio medioambiental.<br \/>\n10.- Participaci\u00f3n vecinal a trav\u00e9s de las asociaciones locales.<br \/>\n11.- Arraigo de los vecinos con el municipio.<\/p>\n<p>En cada ventana, para mostrar las opciones, pulsa ELIGE en la parte inferior (puede aparecer CHOOSE en algunos sistemas configurados en ingl\u00e9s) y luego SIGUIENTE (NEXT en sistemas en ingl\u00e9s). La encuesta solo se dar\u00e1 por completada si <strong>en la \u00faltima ventana se pulsa ENVIAR<\/strong> (aparecer\u00e1 SUBMIT, en sistemas en ingl\u00e9s).<\/p>\n<p>Nota. El n\u00famero de p\u00e1ginas mostrado en la barra de progreso es solo orientativo, la encuesta puede completarse en 12 ventanas, aunque depende de las opciones seleccionadas y de las sugerencias que quieran escribirse.<\/p>\n<p style=\"text-align: center;\"><strong><a href=\"https:\/\/goo.gl\/forms\/N5VCfSulmzXi13ql1\" target=\"_blank\">Entra en la encuesta<\/a><\/strong><\/p>\n","protected":false},"excerpt":{"rendered":"<p>\u00bfVives en Tres Cantos? &#8211; Encuesta Octubre 2016 A los 25 a\u00f1os de la creaci\u00f3n de Tres Cantos como municipio independiente, desde Taller de Futuro lanzamos esta encuesta para conocer como lo percibimos actualmente. Con el resultado podremos iniciar un debate sobre los aspectos que m\u00e1s requieren nuestra atenci\u00f3n. Como t\u00fa, est\u00e1bamos hartos de que &hellip; <a href=\"http:\/\/tallerdefuturo.org\/?p=193\" class=\"more-link\">Continuar leyendo<span class=\"screen-reader-text\"> \u00abEncuesta &#8211; 25 Aniversario Tres Cantos\u00bb<\/span><\/a><\/p>\n","protected":false},"author":2,"featured_media":0,"comment_status":"open","ping_status":"open","sticky":false,"template":"","format":"standard","meta":{"footnotes":""},"categories":[1],"tags":[27,37,36],"class_list":["post-193","post","type-post","status-publish","format-standard","hentry","category-uncategorized","tag-dialogo-vecinal","tag-opinion","tag-tres-cantos"],"_links":{"self":[{"href":"http:\/\/tallerdefuturo.org\/index.php?rest_route=\/wp\/v2\/posts\/193","targetHints":{"allow":["GET"]}}],"collection":[{"href":"http:\/\/tallerdefuturo.org\/index.php?rest_route=\/wp\/v2\/posts"}],"about":[{"href":"http:\/\/tallerdefuturo.org\/index.php?rest_route=\/wp\/v2\/types\/post"}],"author":[{"embeddable":true,"href":"http:\/\/tallerdefuturo.org\/index.php?rest_route=\/wp\/v2\/users\/2"}],"replies":[{"embeddable":true,"href":"http:\/\/tallerdefuturo.org\/index.php?rest_route=%2Fwp%2Fv2%2Fcomments&post=193"}],"version-history":[{"count":6,"href":"http:\/\/tallerdefuturo.org\/index.php?rest_route=\/wp\/v2\/posts\/193\/revisions"}],"predecessor-version":[{"id":204,"href":"http:\/\/tallerdefuturo.org\/index.php?rest_route=\/wp\/v2\/posts\/193\/revisions\/204"}],"wp:attachment":[{"href":"http:\/\/tallerdefuturo.org\/index.php?rest_route=%2Fwp%2Fv2%2Fmedia&parent=193"}],"wp:term":[{"taxonomy":"category","embeddable":true,"href":"http:\/\/tallerdefuturo.org\/index.php?rest_route=%2Fwp%2Fv2%2Fcategories&post=193"},{"taxonomy":"post_tag","embeddable":true,"href":"http:\/\/tallerdefuturo.org\/index.php?rest_route=%2Fwp%2Fv2%2Ftags&post=193"}],"curies":[{"name":"wp","href":"https:\/\/api.w.org\/{rel}","templated":true}]}}