{"id":208,"date":"2017-02-18T10:09:03","date_gmt":"2017-02-18T09:09:03","guid":{"rendered":"http:\/\/tallerdefuturo.org\/?p=208"},"modified":"2017-02-18T10:09:03","modified_gmt":"2017-02-18T09:09:03","slug":"208","status":"publish","type":"post","link":"http:\/\/tallerdefuturo.org\/?p=208","title":{"rendered":""},"content":{"rendered":"<h1>ASAMBLEA DE TALLER DE FUTURO<\/h1>\n<p><a href=\"http:\/\/tallerdefuturo.org\/wp-content\/uploads\/2017\/02\/ab98b08dbfd644c86f1a2ce4c480babf-copia.jpg\" rel=\"attachment wp-att-210\"><img loading=\"lazy\" decoding=\"async\" class=\"size-medium wp-image-210 alignleft\" src=\"http:\/\/tallerdefuturo.org\/wp-content\/uploads\/2017\/02\/ab98b08dbfd644c86f1a2ce4c480babf-copia-239x300.jpg\" alt=\"ab98b08dbfd644c86f1a2ce4c480babf copia\" width=\"239\" height=\"300\" \/><\/a><\/p>\n<p>El viernes 3 marzo a las 19:00, en el local del Centro 21 de Marzo, os invitamos a celebrar con nosotras y nosotros la primera edici\u00f3n del <strong><span style=\"color: #99ccff;\">D\u00eda Mundial de la Mucha Gente Peque\u00f1a\u200b (que haciendo cosas peque\u00f1as en lugares peque\u00f1os, puede cambiar el mundo).<\/span><\/strong><\/p>\n<p>En nuestras reuniones de los jueves de enero y febrero, hemos ido esbozando un plan de acci\u00f3n para el 2017 que nos gustar\u00eda poder compartir con todas aquellas y aquellos que sientan como suyo los objetivos por los que ech\u00f3 andar Taller de Futuro: la democracia directa y la autogesti\u00f3n.<\/p>\n<p>Que nos gustar\u00eda compartir con vosotras y vosotros&#8230;<\/p>\n<p>&#8230; qu\u00e9 estamos haciendo en la Plataforma de Asociaciones de Tres Cantos;<br \/>\n&#8230; nuestro apoyo a la iniciativa de ARBA Proyecto para la protecci\u00f3n y conservaci\u00f3n de la flora y la fauna del arroyo de Valdecarrizo\/Bodonal, a la de \u00c1ngel Petici\u00f3n de declaraci\u00f3n de v\u00edas de inter\u00e9s natural y cultural de las v\u00edas pecuarias de Tres Cantos, y al Encuentro de Teatro Comunitario del Aula de Teatro de la UAM;<br \/>\n&#8230; que hemos establecido contacto con 607 en Lucha y Rudas Madrid Norte para proponerles estudiar la posibilidad de llevar adelante actividades conjuntas, compartir experiencias y aprendizajes y ofrecerles la asociaci\u00f3n como instrumento lega, si en alguna ocasi\u00f3n necesitaran tal cosa;<br \/>\n&#8230; y que tambi\u00e9n estamos dise\u00f1ando diversas actividades que nos permitieran conocer a las vecinas y vecinos de Tres Cantos las m\u00faltiples ciudades que encierra la ciudad en la que vivimos, y avanzar hacia una ciudad de todos y todas;<br \/>\n&#8230;que Pedro particip\u00f3 en el encuentro MAK2, Municipalismo, autogobierno y contrapoder de Iru\u00f1a\/Pamplona donde contact\u00f3 con proyectos afines al nuestro de todo el Estado Espa\u00f1ol, Italia y Francia (se juntaron unas 500 personas);<br \/>\n&#8230; nuestro compromiso en la recogida de firmas y como fedatarios de la ILP Ley Urgente del Derecho a la Vivienda en la Comunidad de Madrid;<br \/>\n&#8230; y que ya hemos empezado a entrenar la cabeza y el coraz\u00f3n, el cuerpo y la voz para frenar el nuevo proyecto de campo de golf que, con nocturnidad y alevos\u00eda, esta poniendo el marcha el gobierno municipal&#8230;<\/p>\n<p>Y tambi\u00e9n nos gustar\u00eda que supierais que si quer\u00e9is participar en alguna de las cosas que iOS acabamos de exponer, no os van a faltar la tarea (ni la diversi\u00f3n).<\/p>\n<p>Y que nos contarais como os van las cosas por vuestro trabajo o no trabajo, vuestros estudios, vuestra calle, plaza o sector, con los recortes, con la banca y las el\u00e9ctricas, con la represi\u00f3n y los medios de incomunicaci\u00f3n de masas&#8230;<\/p>\n<p>Que ya sabeis que si necesit\u00e1is a las y los dem\u00e1s&#8230; como se sale decir, no hace falta ni que decirlo&#8230; Como se desped\u00eda Lauren Bacall de Humphrey Bogart en una peli: \u00abSi me necesitas&#8230; silba\u00bb.<\/p>\n<p>Y bueno, pues eso, que a ver si nos podemos reencontrar el viernes 3 de marzo, las 19:00 en nuestro local del Centro 21 de Marzo&#8230;<\/p>\n<p>Ah, que se nos olvidaba, que lo del D\u00eda Mundial de la Mucha Gente Peque\u00f1a\u200b (que haciendo cosas peque\u00f1as en lugares peque\u00f1os), pues que nos lo hemos inventado nosotros y nosotras, que esta primera edici\u00f3n s\u00f3lo la vamos a celebrar Taller de Futuro&#8230; aunque, quien sabe, a lo mejor la segunda&#8230;<\/p>\n<h1 style=\"text-align: center;\">\u00a1P\u00c1SALO!<\/h1>\n<p>Buenas noches y buena suerte,<br \/>\nla gente de los jueves de Taller de Futuro.<\/p>\n<p style=\"text-align: center;\">[La imagen de la cabecera es obra del canadiense Geoff Mcfetridge]<\/p>\n","protected":false},"excerpt":{"rendered":"<p>ASAMBLEA DE TALLER DE FUTURO El viernes 3 marzo a las 19:00, en el local del Centro 21 de Marzo, os invitamos a celebrar con nosotras y nosotros la primera edici\u00f3n del D\u00eda Mundial de la Mucha Gente Peque\u00f1a\u200b (que haciendo cosas peque\u00f1as en lugares peque\u00f1os, puede cambiar el mundo). En nuestras reuniones de los &hellip; <a href=\"http:\/\/tallerdefuturo.org\/?p=208\" class=\"more-link\">Continuar leyendo<span class=\"screen-reader-text\"> \u00ab\u00bb<\/span><\/a><\/p>\n","protected":false},"author":3,"featured_media":0,"comment_status":"open","ping_status":"open","sticky":false,"template":"","format":"standard","meta":{"footnotes":""},"categories":[1],"tags":[39,46,44,43,47,41,40,45,42],"class_list":["post-208","post","type-post","status-publish","format-standard","hentry","category-uncategorized","tag-asamblea","tag-autogobierno","tag-ciudad-inclusiva","tag-confluencias","tag-contrapoder","tag-derecho-a-la-vivienda","tag-ecologia-urbana","tag-municipalismo","tag-teatro-comunitario"],"_links":{"self":[{"href":"http:\/\/tallerdefuturo.org\/index.php?rest_route=\/wp\/v2\/posts\/208","targetHints":{"allow":["GET"]}}],"collection":[{"href":"http:\/\/tallerdefuturo.org\/index.php?rest_route=\/wp\/v2\/posts"}],"about":[{"href":"http:\/\/tallerdefuturo.org\/index.php?rest_route=\/wp\/v2\/types\/post"}],"author":[{"embeddable":true,"href":"http:\/\/tallerdefuturo.org\/index.php?rest_route=\/wp\/v2\/users\/3"}],"replies":[{"embeddable":true,"href":"http:\/\/tallerdefuturo.org\/index.php?rest_route=%2Fwp%2Fv2%2Fcomments&post=208"}],"version-history":[{"count":1,"href":"http:\/\/tallerdefuturo.org\/index.php?rest_route=\/wp\/v2\/posts\/208\/revisions"}],"predecessor-version":[{"id":211,"href":"http:\/\/tallerdefuturo.org\/index.php?rest_route=\/wp\/v2\/posts\/208\/revisions\/211"}],"wp:attachment":[{"href":"http:\/\/tallerdefuturo.org\/index.php?rest_route=%2Fwp%2Fv2%2Fmedia&parent=208"}],"wp:term":[{"taxonomy":"category","embeddable":true,"href":"http:\/\/tallerdefuturo.org\/index.php?rest_route=%2Fwp%2Fv2%2Fcategories&post=208"},{"taxonomy":"post_tag","embeddable":true,"href":"http:\/\/tallerdefuturo.org\/index.php?rest_route=%2Fwp%2Fv2%2Ftags&post=208"}],"curies":[{"name":"wp","href":"https:\/\/api.w.org\/{rel}","templated":true}]}}