{"id":219,"date":"2017-06-09T19:15:30","date_gmt":"2017-06-09T18:15:30","guid":{"rendered":"http:\/\/tallerdefuturo.org\/?p=219"},"modified":"2017-06-12T16:42:51","modified_gmt":"2017-06-12T15:42:51","slug":"el-futuro-de-taller-de-futuro","status":"publish","type":"post","link":"http:\/\/tallerdefuturo.org\/?p=219","title":{"rendered":"EL FUTURO DE TALLER DE FUTURO"},"content":{"rendered":"<p>El pr\u00f3ximo jueves (15 de junio) estamos convocadas y convocados para empezar a dise\u00f1ar nuestro plan de actividades para el curso 2017-18.<\/p>\n<p>En la \u00faltimas reuniones abrimos el debate acerca de ello.\u00a0Os contamos r\u00e1pidamente nuestras reflexiones:<\/p>\n<p>En estos momentos,las personas que nos sentimos integrantes de Taller de Futuro, participamos en diversas\u00a0asociaciones, colectivos, plataformas y movimientos de Tres Cantos, intentando potenciarlos y democratizarlos, y TdF es para nosotras y nosotros un espacio de puesta en com\u00fan, coordinaci\u00f3n y cooperaci\u00f3n.<\/p>\n<p>Pensamos que en el pr\u00f3ximo curso, adem\u00e1s de seguir sum\u00e1ndonos a la organizaci\u00f3n y dinamizaci\u00f3n de las respuestas y resistencias que est\u00e1n surgiendo ante la imposici\u00f3n por parte de las direcciones del PP y C,s de Tres Cantos de su modelo excluyente, uniformador y autoritario de ciudad; en el pr\u00f3ximo curso, dec\u00edamos, quiz\u00e1s seria oportuno que las gentes de TdF tambi\u00e9n nos plante\u00e1ramos responder colectivamente, como TdF, \u00a0retomando la programaci\u00f3n de actividades p\u00fablicas, como las que llevamos adelante cuando nuestro proyecto ech\u00f3 a andar.<\/p>\n<p><b><span style=\"color: #ff0000; font-size: large;\">Para ponernos manos a la obra, estamos convocados, todas y todos, el jueves 15 de junio,\u00a0<\/span><\/b><b><span style=\"color: #ff0000; font-size: large;\">a las 19:00,<\/span><\/b><b><span style=\"color: #ff0000; font-size: large;\">en el Centro 21 de Marzo.<\/span><\/b><\/p>\n<p><!--more--><\/p>\n<p>Por un lado, para estudiar las maneras con las que mejorar\u00a0y extender nuestra actuaci\u00f3n como coordinadora de las personas que compartimos el objetivo de avanzar hacia una sociedad social, cultural, ambiental, econ\u00f3mica y pol\u00edticamente democr\u00e1tica.<\/p>\n<div><\/div>\n<div>Por otro, para bocetar un programa de actividades p\u00fablicas para los pr\u00f3ximos trimestres. A este respecto, en reuniones anteriores, hemos avanzado lo siguiente:<\/div>\n<div><\/div>\n<div><\/div>\n<blockquote>\n<p style=\"padding-left: 60px;\">Estar\u00edamos hablando de realizar dos o tres actividades. \u00bfUna en cada estaci\u00f3n: oto\u00f1o, invierno y primavera?<\/p>\n<p style=\"padding-left: 60px;\">Podr\u00edan ser propuestas tanto de interior como al aire libre. Y no necesariamente charlas-debate, tambi\u00e9n podr\u00edan ser talleres, \u00e1goras, acciones participativas, artistas.<\/p>\n<p style=\"padding-left: 60px;\">La tem\u00e1tica de nuestra programaci\u00f3n podr\u00eda ser \u00a0tan amplia como decidamos.<\/p>\n<p style=\"padding-left: 60px;\">Intentar\u00edamos que las actividades se realizaran en cooperaci\u00f3n con otros colectivos.<\/p>\n<\/blockquote>\n<p>Ahora nos tocar\u00eda empezar a concretar.<\/p>\n<p>Si no vas a poder asistir a la convocatoria, por favor haznos llegar tus opiniones y propuestas lo antes que puedas, para que podamos organizarnos para que \u00a0se puedan tener en cuenta en la reuni\u00f3n.<\/p>\n<p>Y si no sabes si vas a poder colaborar en la posterior ejecuci\u00f3n del programa, o hasta cuanto va a poder llegar tu colaboraci\u00f3n, \u00a0por favor, que no te d\u00e9 corte, y si tienes alguna idea, pres\u00e9ntanosla.<\/p>\n<p>Ahora estamos en el momento del dise\u00f1o.<\/p>\n<p>Una vez que hayamos consensuado (con todo el utopismo del que seamos capaces) qu\u00e9 creemos que tenemos que hacer, ya veremos como nos organizamos (con todo el realismo que nos sea posible) para intentar hacerlo.<\/p>\n<p>Y esto es todo por el momento. \u00bfNos vemos el pr\u00f3ximo jueves?<\/p>\n<p><a href=\"http:\/\/tallerdefuturo.org\/wp-content\/uploads\/2017\/06\/TDF-Gobern\u00e9monos-IMAGEN.png\" rel=\"attachment wp-att-221\"><img loading=\"lazy\" decoding=\"async\" class=\"wp-image-221 size-large aligncenter\" src=\"http:\/\/tallerdefuturo.org\/wp-content\/uploads\/2017\/06\/TDF-Gobern\u00e9monos-IMAGEN-1024x469.png\" alt=\"TDF Gobern\u00e9monos IMAGEN\" width=\"840\" height=\"385\" \/><\/a><\/p>\n","protected":false},"excerpt":{"rendered":"<p>El pr\u00f3ximo jueves (15 de junio) estamos convocadas y convocados para empezar a dise\u00f1ar nuestro plan de actividades para el curso 2017-18. En la \u00faltimas reuniones abrimos el debate acerca de ello.\u00a0Os contamos r\u00e1pidamente nuestras reflexiones: En estos momentos,las personas que nos sentimos integrantes de Taller de Futuro, participamos en diversas\u00a0asociaciones, colectivos, plataformas y movimientos &hellip; <a href=\"http:\/\/tallerdefuturo.org\/?p=219\" class=\"more-link\">Continuar leyendo<span class=\"screen-reader-text\"> \u00abEL FUTURO DE TALLER DE FUTURO\u00bb<\/span><\/a><\/p>\n","protected":false},"author":3,"featured_media":0,"comment_status":"open","ping_status":"open","sticky":false,"template":"","format":"standard","meta":{"footnotes":""},"categories":[1],"tags":[],"class_list":["post-219","post","type-post","status-publish","format-standard","hentry","category-uncategorized"],"_links":{"self":[{"href":"http:\/\/tallerdefuturo.org\/index.php?rest_route=\/wp\/v2\/posts\/219","targetHints":{"allow":["GET"]}}],"collection":[{"href":"http:\/\/tallerdefuturo.org\/index.php?rest_route=\/wp\/v2\/posts"}],"about":[{"href":"http:\/\/tallerdefuturo.org\/index.php?rest_route=\/wp\/v2\/types\/post"}],"author":[{"embeddable":true,"href":"http:\/\/tallerdefuturo.org\/index.php?rest_route=\/wp\/v2\/users\/3"}],"replies":[{"embeddable":true,"href":"http:\/\/tallerdefuturo.org\/index.php?rest_route=%2Fwp%2Fv2%2Fcomments&post=219"}],"version-history":[{"count":9,"href":"http:\/\/tallerdefuturo.org\/index.php?rest_route=\/wp\/v2\/posts\/219\/revisions"}],"predecessor-version":[{"id":231,"href":"http:\/\/tallerdefuturo.org\/index.php?rest_route=\/wp\/v2\/posts\/219\/revisions\/231"}],"wp:attachment":[{"href":"http:\/\/tallerdefuturo.org\/index.php?rest_route=%2Fwp%2Fv2%2Fmedia&parent=219"}],"wp:term":[{"taxonomy":"category","embeddable":true,"href":"http:\/\/tallerdefuturo.org\/index.php?rest_route=%2Fwp%2Fv2%2Fcategories&post=219"},{"taxonomy":"post_tag","embeddable":true,"href":"http:\/\/tallerdefuturo.org\/index.php?rest_route=%2Fwp%2Fv2%2Ftags&post=219"}],"curies":[{"name":"wp","href":"https:\/\/api.w.org\/{rel}","templated":true}]}}