{"id":244,"date":"2017-12-20T22:32:28","date_gmt":"2017-12-20T21:32:28","guid":{"rendered":"http:\/\/tallerdefuturo.org\/?p=244"},"modified":"2017-12-20T22:32:28","modified_gmt":"2017-12-20T21:32:28","slug":"el-ciclo-municipalista-abierto-por-el-15m-no-se-cerrara-en-ningun-despacho","status":"publish","type":"post","link":"http:\/\/tallerdefuturo.org\/?p=244","title":{"rendered":"El Ciclo municipalista abierto por el #15M no se cerrar\u00e1 en ning\u00fan despacho"},"content":{"rendered":"<blockquote><p>Fuente: <a href=\"http:\/\/madridxmunicipalismo.info\/el-ciclo-municipalista-abierto-por-el-15m-no-se-cerrara-en-ningun-despacho\/\" target=\"_blank\">Madrid por el Municipalismo MxM<\/a><\/p><\/blockquote>\n<figure style=\"width: 1280px\" class=\"wp-caption alignleft\"><img loading=\"lazy\" decoding=\"async\" class=\"\" src=\"http:\/\/madridxmunicipalismo.info\/wp-content\/uploads\/2017\/12\/Madrid-por-el-Municipalismo-en-Velilla-de-San-Antonio-01.jpg\" alt=\"\" width=\"1280\" height=\"960\" \/><figcaption class=\"wp-caption-text\">MxM Madrid po el Municipalismo. Velilla<\/figcaption><\/figure>\n<p>El s\u00e1bado 16 de diciembre, en Velilla de San Antonio, tuvo lugar el segundo encuentro municipalista en la Comunidad de Madrid, convocado por MxM \u201cMadrid por el Municipalismo\u201d, el nuevo espacio de acuerdo, an\u00e1lisis y organizaci\u00f3n al que se han sumado muchas de las Candidaturas de Unidad Popular de la Comunidad de Madrid y otros colectivos de la misma sensibilidad, que reflejamos\u00a0<a href=\"http:\/\/madridxmunicipalismo.info\/llamamiento-por-el-municipalismo-la-democracia-directa-y-el-autogobierno-en-la-comunidad-de-madrid\" target=\"_blank\" rel=\"noopener noreferrer\">en este llamamiento.<\/a><\/p>\n<p>Despu\u00e9s de m\u00e1s de dos a\u00f1os de experiencias diversas, que tuvieron su origen en un marco de participaci\u00f3n activa y asambleas ciudadanas, no parece que sean admisibles ahora, intromisiones impuestas desde la verticalidad y la falta de democracia real.<\/p>\n<p>A\u00fan reconociendo luces y sombras y distintos niveles de experiencia en el intento municipalista en la Comunidad de Madrid, el proceso y el aprendizaje de estos a\u00f1os nos permite intentar un salto cualitativo en el que se aborde sin miedo un acuerdo sobre las condiciones m\u00ednimas que debe tener el municipalismo al que aspiramos, y c\u00f3mo se pueden coordinar las distintas experiencias.<\/p>\n<p>El acuerdo sobre la importancia de construir desde abajo, de articular espacios asamblearios en los que se decidan de verdad las pol\u00edticas municipales y de facilitar la confluencia de todos los agentes de cambio presentes en el territorio fue resaltada en las intervenciones de los dos ponentes y de muchos de los asistentes en el debate posterior.<\/p>\n<p>En\u00a0MxM\u00a0defendemos la formaci\u00f3n de listas construidas en asambleas y procesos participativos entre iguales, y as\u00ed se expres\u00f3 de distintos modos en el acto del s\u00e1bado, en Velilla de San Antonio. No creemos coherente con la pol\u00edtica que defendemos las listas impuestas por pactos entre partidos o con procesos que aparenten ser horizontales. Las conclusiones no est\u00e1n cerradas pues seguimos avanzando en la definici\u00f3n de lo que es municipalismo asambleario y en el empe\u00f1o de que no se nos confunda con simulaciones o con relatos construidos para presentar cualquier cosa como \u201cnueva pol\u00edtica\u201d.<\/p>\n<p>\u00a1Seguimos!\u2026 Seguimos debatiendo, seguimos buscando el acuerdo y pensando en formas organizativas que no traicionen la decisi\u00f3n de las bases.\u00a0Cualquier agente de cambio pol\u00edtico y social que se sienta concernido por este intento est\u00e1 invitado, de momento hablamos de la Comunidad de Madrid, pero tampoco nos ponemos l\u00edmite alguno, seguiremos informando.<\/p>\n","protected":false},"excerpt":{"rendered":"<p>Fuente: Madrid por el Municipalismo MxM El s\u00e1bado 16 de diciembre, en Velilla de San Antonio, tuvo lugar el segundo encuentro municipalista en la Comunidad de Madrid, convocado por MxM \u201cMadrid por el Municipalismo\u201d, el nuevo espacio de acuerdo, an\u00e1lisis y organizaci\u00f3n al que se han sumado muchas de las Candidaturas de Unidad Popular de &hellip; <a href=\"http:\/\/tallerdefuturo.org\/?p=244\" class=\"more-link\">Continuar leyendo<span class=\"screen-reader-text\"> \u00abEl Ciclo municipalista abierto por el #15M no se cerrar\u00e1 en ning\u00fan despacho\u00bb<\/span><\/a><\/p>\n","protected":false},"author":2,"featured_media":0,"comment_status":"open","ping_status":"open","sticky":false,"template":"","format":"standard","meta":{"footnotes":""},"categories":[1],"tags":[],"class_list":["post-244","post","type-post","status-publish","format-standard","hentry","category-uncategorized"],"_links":{"self":[{"href":"http:\/\/tallerdefuturo.org\/index.php?rest_route=\/wp\/v2\/posts\/244","targetHints":{"allow":["GET"]}}],"collection":[{"href":"http:\/\/tallerdefuturo.org\/index.php?rest_route=\/wp\/v2\/posts"}],"about":[{"href":"http:\/\/tallerdefuturo.org\/index.php?rest_route=\/wp\/v2\/types\/post"}],"author":[{"embeddable":true,"href":"http:\/\/tallerdefuturo.org\/index.php?rest_route=\/wp\/v2\/users\/2"}],"replies":[{"embeddable":true,"href":"http:\/\/tallerdefuturo.org\/index.php?rest_route=%2Fwp%2Fv2%2Fcomments&post=244"}],"version-history":[{"count":1,"href":"http:\/\/tallerdefuturo.org\/index.php?rest_route=\/wp\/v2\/posts\/244\/revisions"}],"predecessor-version":[{"id":245,"href":"http:\/\/tallerdefuturo.org\/index.php?rest_route=\/wp\/v2\/posts\/244\/revisions\/245"}],"wp:attachment":[{"href":"http:\/\/tallerdefuturo.org\/index.php?rest_route=%2Fwp%2Fv2%2Fmedia&parent=244"}],"wp:term":[{"taxonomy":"category","embeddable":true,"href":"http:\/\/tallerdefuturo.org\/index.php?rest_route=%2Fwp%2Fv2%2Fcategories&post=244"},{"taxonomy":"post_tag","embeddable":true,"href":"http:\/\/tallerdefuturo.org\/index.php?rest_route=%2Fwp%2Fv2%2Ftags&post=244"}],"curies":[{"name":"wp","href":"https:\/\/api.w.org\/{rel}","templated":true}]}}