{"id":246,"date":"2018-01-09T13:59:06","date_gmt":"2018-01-09T12:59:06","guid":{"rendered":"http:\/\/tallerdefuturo.org\/?p=246"},"modified":"2018-01-09T14:00:23","modified_gmt":"2018-01-09T13:00:23","slug":"la-experiencia-honesta-y-valiente-de-lxs-municipalistas-de-velilla","status":"publish","type":"post","link":"http:\/\/tallerdefuturo.org\/?p=246","title":{"rendered":"La experiencia honesta y valiente de lxs municipalistas de Velilla"},"content":{"rendered":"<p style=\"text-align: right;\"><em>por Nines Fuentes<\/em><\/p>\n<p style=\"text-align: left;\"><strong><em>[Copia exacta de la intervenci\u00f3n de la concejala en el acto de MxM celebrado en Velilla el 16 de diciembre del 2017]<\/em><\/strong><\/p>\n<figure style=\"width: 225px\" class=\"wp-caption alignleft\"><img loading=\"lazy\" decoding=\"async\" class=\"\" src=\"https:\/\/pbs.twimg.com\/profile_images\/742774505576247296\/6q07-PgT_400x400.jpg\" alt=\"Nines\" width=\"225\" height=\"225\" \/><figcaption class=\"wp-caption-text\">Nines Fuentes Concejal de Velilla de San Antonio<\/figcaption><\/figure>\n<p>Es un privilegio organizar en Velilla un acto como este. Aunque la asistencia no sea la que ser\u00eda deseable cuando se trata un asunto de esta envergadura, la calidad de los y las asistentes y sobre todo la importancia de la reflexi\u00f3n que se propone, merece una atenci\u00f3n muy especial.<\/p>\n<p>El punto de vista de analistas experimentados del Instituto para la Democracia y el Municipalismo puede ser complementado por quienes nos emplazamos en la experiencia concreta y en el intento valiente. Me refiero a la experiencia de SOMOS Velilla y aclaro que desde nuestra Asamblea no tenemos ning\u00fan problema en valorar las luces y las sombras de nuestro modelo y que adem\u00e1s estamos deseando cotejar lo construido en este peque\u00f1o municipio, con experiencias similares y ojala mas exitosas.<\/p>\n<p>Aclaro que ni siquiera voy a tomarme la molestia de criticar a quien no cumpla con los par\u00e1metros m\u00ednimos de lo que debe ser un movimiento desde abajo. Desde abajo la elecci\u00f3n de candidatos, desde abajo la redacci\u00f3n de programas, proyectos, mociones y movilizaciones de cualquier tipo. Cuando pienso en municipalismo, pienso en municipalismo asambleario y no se me ocurre que en algo as\u00ed se pueda escribir al dictado de c\u00fapulas de partido o que se pueda negociar el orden en una candidatura o en un despacho.<\/p>\n<blockquote><p>Si tengo que poner en valor algo de nuestra experiencia es el haber mantenido semanalmente la convocatoria de una Asamblea abierta, absolutamente abierta a cualquier vecino o vecina que se ha querido sumar. No me refiero solo a una asamblea en la que se toman decisiones, me refiero a una asamblea en la que se toman TODAS las decisiones. Se podr\u00e1 decir que no viene mucha gente, se podr\u00e1 decir que en ocasiones el debate es desordenado, que hay quien habla mucho y quien no habla casi nada, se podr\u00e1n decir mil cosas, pero a la Asamblea semanal asiste quien quiere y cada punto de vista y cada voto cuenta exactamente lo mismo.<\/p><\/blockquote>\n<p><!--more--><\/p>\n<p>Quiero poner en valor otra circunstancia que no me parece casual. Los tres concejales que nos seguimos sometiendo voluntariamente a la Asamblea de SOMOS Velilla no somos profesionales de la pol\u00edtica, casi me atrever\u00eda a decir que no somos ni siquiera los mas pol\u00edticos del grupo que se ha ido configurando. Esta circunstancia ha tenido como primer efecto nuestro absoluto desinter\u00e9s por aprovechar las redes clientelares que existen en el municipio en beneficio propio o de un partido o la ausencia total de estrategias para venderle a nadie nada de lo que hacemos. Seguramente al no formar parte de la fauna pol\u00edtica local y de sus chiringuitos se nos mir\u00f3 desde el minuto uno con recelo y nos hemos visto sometidos a presiones y conflictos inesperados. Conflictos de intereses que se han visto amenazados por un agente pol\u00edtico impredecible. Nosotras y nosotros no tenemos ninguna informaci\u00f3n que administrar, no tenemos ninguna ventaja que aprovechar, ninguna carrera personal que atender y eso nos convierte en una rareza y para algunos en una anomal\u00eda.<\/p>\n<p>La participaci\u00f3n pol\u00edtica en Velilla es algo inc\u00f3modo y en ciertos momentos casi una actividad de riesgo. El espacio pol\u00edtico que hemos abierto se ha mantenido pero no ha crecido porque la incomodidad es manifiesta. Sin embargo otros espacios de participaci\u00f3n que se han abierto y que se han generado en nuestro entorno y a partir de iniciativas que salen de la Asamblea se han llenado de gente sin dificultad. La sensibilidad de juntarse, de participar y de relacionarse de un modo alternativo existe como existe la desafecci\u00f3n por el conflicto, el choque y la lucha pol\u00edtica.<\/p>\n<p>Una cosa es que se detecte la necesidad de cambios profundos y otra muy distinta que las vecinas y vecinos est\u00e9n dispuestos a que eso afecte a sus relaciones personales de vecindad. Esto es una contradicci\u00f3n ya que la llave para el cambio est\u00e1<\/p>\n<p>en las instituciones, como tambi\u00e9n est\u00e1n en las instituciones las limitaciones legales y los procedimientos para dificultar, embarrar y retrasar ese cambio pol\u00edtico.<\/p>\n<p>Como veis yo no quiero plantear soluciones porque no las tengo, pero s\u00ed quiero alentar el debate y la reflexi\u00f3n. No tengo duda de que el municipalismo en el que nosotros creemos se puede organizar en peque\u00f1os pueblos como Velilla de San Antonio y que cuando hablamos de municipios de mayor tama\u00f1o, es el barrio con identidad propia el \u00e1mbito en el que la Asamblea vecinal puede tener lugar. Si existen asambleas potentes de vecinas y vecinos dispuestos a tomar el futuro en sus propias manos, la organizaci\u00f3n interbarrial o la coordinaci\u00f3n de acciones conjuntas comarcales van a ser posibles sin duda alguna. Si se trata de pensar y dise\u00f1ar esas asambleas desde arriba la cosa no va funcionar. Menos a\u00fan se puede pensar en un movimiento con espacios de participaci\u00f3n de dise\u00f1o o con est\u00e9tica uniforme.<\/p>\n<p>La gente se agrupar\u00e1 en una plaza de su pueblo o de su barrio, lo har\u00e1 en torno a un conflicto o por la necesidad de acabar con un negocio pol\u00edtico y econ\u00f3mico indecente y ser\u00e1 desde la experiencia compartida desde d\u00f3nde se podr\u00e1 decidir dar permanencia y proceso a una Asamblea. De momento aqu\u00ed en Velilla no hemos conseguido convencer a muchas vecinas y vecinos de que no podemos delegar las decisiones importantes en un grupito de cargos electos pero despacio se van organizando espacios y actividades que se crean y se ponen en manos de la gente desde el minuto uno, creo que la ausencia total de manipulaci\u00f3n se est\u00e1 notando y eso es muy importante. Como digo, luces y sombras\u2026<\/p>\n<p>Cre\u00edmos que todo iba a ser mas f\u00e1cil, nos ha sorprendido la mala hostia y la violencia de algunos cuando han visto amenazados sus chiringuitos, la capacidad para mentir, para deformar y para desinformar en la pol\u00edtica local es mucho mayor de lo que fuimos capaces de predecir. Tambi\u00e9n notamos en el miedo y la tensi\u00f3n que hemos producido en ciertos entornos pol\u00edticos de Velilla de San Antonio que la posibilidad de cambio es real, pero hace falta mas fuerza y hace falta mas participaci\u00f3n. Hemos perdido ingenuidades pero nos reiteramos en manifestar p\u00fablicamente que nosotras y nosotros no somos representantes de nadie, que la gente se representa a si misma y que la decisi\u00f3n sobre la continuidad de este proyecto es de las vecinas y vecinos que se sientan concernidos. Como siempre, pasar\u00e1 lo que la gente quiera que pase\u2026<\/p>\n","protected":false},"excerpt":{"rendered":"<p>por Nines Fuentes [Copia exacta de la intervenci\u00f3n de la concejala en el acto de MxM celebrado en Velilla el 16 de diciembre del 2017] Es un privilegio organizar en Velilla un acto como este. Aunque la asistencia no sea la que ser\u00eda deseable cuando se trata un asunto de esta envergadura, la calidad de &hellip; <a href=\"http:\/\/tallerdefuturo.org\/?p=246\" class=\"more-link\">Continuar leyendo<span class=\"screen-reader-text\"> \u00abLa experiencia honesta y valiente de lxs municipalistas de Velilla\u00bb<\/span><\/a><\/p>\n","protected":false},"author":2,"featured_media":0,"comment_status":"open","ping_status":"open","sticky":false,"template":"","format":"standard","meta":{"footnotes":""},"categories":[1],"tags":[],"class_list":["post-246","post","type-post","status-publish","format-standard","hentry","category-uncategorized"],"_links":{"self":[{"href":"http:\/\/tallerdefuturo.org\/index.php?rest_route=\/wp\/v2\/posts\/246","targetHints":{"allow":["GET"]}}],"collection":[{"href":"http:\/\/tallerdefuturo.org\/index.php?rest_route=\/wp\/v2\/posts"}],"about":[{"href":"http:\/\/tallerdefuturo.org\/index.php?rest_route=\/wp\/v2\/types\/post"}],"author":[{"embeddable":true,"href":"http:\/\/tallerdefuturo.org\/index.php?rest_route=\/wp\/v2\/users\/2"}],"replies":[{"embeddable":true,"href":"http:\/\/tallerdefuturo.org\/index.php?rest_route=%2Fwp%2Fv2%2Fcomments&post=246"}],"version-history":[{"count":2,"href":"http:\/\/tallerdefuturo.org\/index.php?rest_route=\/wp\/v2\/posts\/246\/revisions"}],"predecessor-version":[{"id":248,"href":"http:\/\/tallerdefuturo.org\/index.php?rest_route=\/wp\/v2\/posts\/246\/revisions\/248"}],"wp:attachment":[{"href":"http:\/\/tallerdefuturo.org\/index.php?rest_route=%2Fwp%2Fv2%2Fmedia&parent=246"}],"wp:term":[{"taxonomy":"category","embeddable":true,"href":"http:\/\/tallerdefuturo.org\/index.php?rest_route=%2Fwp%2Fv2%2Fcategories&post=246"},{"taxonomy":"post_tag","embeddable":true,"href":"http:\/\/tallerdefuturo.org\/index.php?rest_route=%2Fwp%2Fv2%2Ftags&post=246"}],"curies":[{"name":"wp","href":"https:\/\/api.w.org\/{rel}","templated":true}]}}