{"id":250,"date":"2018-01-17T21:02:34","date_gmt":"2018-01-17T20:02:34","guid":{"rendered":"http:\/\/tallerdefuturo.org\/?p=250"},"modified":"2018-01-23T11:07:39","modified_gmt":"2018-01-23T10:07:39","slug":"28-enero-encuentro-municipalista-en-tres-cantos","status":"publish","type":"post","link":"http:\/\/tallerdefuturo.org\/?p=250","title":{"rendered":"28-Enero Encuentro municipalista en Tres Cantos"},"content":{"rendered":"<p><strong>Madrid por el municipalismo<\/strong> (<a href=\"http:\/\/madridxmunicipalismo.info\/\">http:\/\/madridxmunicipalismo.info\/<\/a>) se acerca a Tres Cantos junto a <strong>Taller de Futuro<\/strong> para darse a conocer en la zona norte de Madrid, a trav\u00e9s de dos talleres.<\/p>\n<blockquote><p>Ser\u00e1 el domingo 28 de enero a las 11.30, en la Casa de la Cultura. Aulas 82 y 90 (1\u00ba piso) &#8211; Plaza del Ayuntamiento<\/p><\/blockquote>\n<p><strong>Taller 1: Territorio, desigualdad y el municipalismo frente al mercado inmobiliario.<\/strong><\/p>\n<p>La Comunidad de Madrid y sus municipios concentran actualmente la mayor brecha territorial del entorno europeo: no s\u00f3lo se trata de la regi\u00f3n m\u00e1s segregada, sino tambi\u00e9n de una de las m\u00e1s desiguales de toda la UE. Facturado a lo largo de dos d\u00e9cadas, el \u201cmodelo Madrid\u201d se ha basado en una explotaci\u00f3n insostenible del mercado inmobiliario y en la creaci\u00f3n de un \u201cbuen clima para los negocios\u201d, convirtiendo el norte en un enclave financiero privilegiado -con todo lo que ello conlleva-. Este modelo neoliberal ha generado numerosas externalidades negativas: adem\u00e1s de dividir el territorio entre zonas ricas y pobres -oficinas fr<span class=\"text_exposed_show\">ente a vertederos-, el modelo de desarrollo, aceptado como deseable o inevitable por la mayor\u00eda, nos ha dejado y nos dejar\u00e1 impactos ambientales tremendamente negativos. La Operaci\u00f3n Chamart\u00edn, los desarrollos del sureste y la nueva Ley de Suelo del Partido Popular anticipan un escenario protagonizado por una reactivaci\u00f3n del mercado inmobiliario. \u00bfQu\u00e9 puede hacer el municipalismo frente a estas din\u00e1micas? \u00bfC\u00f3mo materializar el derecho a la vivienda y el derecho a la ciudad desde el \u00e1mbito local? \u00bfHay alternativa al desarrollismo? \u00bfSomos conscientes de la responsabilidad que asumimos con el territorio que ocupamos?<br \/>\nTenemos confirmada la presencia de<br \/>\n&#8211; <strong>Joaqu\u00edn Hortal<\/strong>\u00a0de Taller de Futuro y de<br \/>\n&#8211; <strong>Raquel Rodriguez Alonso<\/strong> del Instituto DM<br \/>\nque lanzar\u00e1n el debate. Luego, lo hablamos entre todxs.<br \/>\n<\/span><\/p>\n<p><strong>Taller 2: Condiciones para la confluencia municipal: \u00bfC\u00f3mo construir un municipalismo en movimiento?<\/strong><\/p>\n<p>Desde su nacimiento, el municipalismo se ha caracterizado por una singular capacidad para hacer converger sensibilidades pol\u00edticas muy diversas, d\u00e1ndoles forma a partir de una matriz territorial y un proyecto de democratizaci\u00f3n radical de los enclaves locales. De alg\u00fan modo, todo ello estaba contenido en las din\u00e1micas del 15M: ese anhelo por avanzar hacia una democracia directa, asamblearia y horizontal con un marcado compromiso social. En este sentido, la apuesta municipalista constituye una anomal\u00eda respecto de las l\u00f3gicas tradicionales de los partidos, tanto por su porosidad a los conflictos como por su apertura a las realidades de los movimientos y el tejido social organizado -realidades que forman parte del propio municipalismo-. La participaci\u00f3n en las instituciones es un medio m\u00e1s para el cambio que debe combinarse con el activismo tradicional. Pero sostener esta dimensi\u00f3n de apertura -e incluso ampliarla y fortalecerla- requiere de condiciones que pasan tanto por las formas de construcci\u00f3n de las candidaturas, la punta de lanza institucional del municipalismo, como por los modos de organizaci\u00f3n que vertebran sus asambleas, atravesadas por l\u00f3gicas de movimiento y contrapoder. \u00bfC\u00f3mo construir un municipalismo capaz de alinear de manera virtuosa estas realidades? \u00bfQu\u00e9 condiciones son las m\u00e1s adecuadas para construir una confluencia municipal en todos los planos?<\/p>\n<p>Dinamizar\u00e1n el debate<br \/>\n&#8211;\u00a0<strong>Mario Espinoza<\/strong>\u00a0del Instituto DM<br \/>\n&#8211;\u00a0<strong>M\u00aa Fernanda Rodriguez<\/strong> de Ganemos Madrid<br \/>\n&#8211; <strong>Pedro Ayala<\/strong> de Taller de Futuro y concejal de Ganemos3C<\/p>\n<p><a href=\"http:\/\/tallerdefuturo.org\/wp-content\/uploads\/2018\/01\/TdF28e.2.jpg\" rel=\"attachment wp-att-258\"><img loading=\"lazy\" decoding=\"async\" class=\"alignleft size-medium wp-image-258\" src=\"http:\/\/tallerdefuturo.org\/wp-content\/uploads\/2018\/01\/TdF28e.2-300x283.jpg\" alt=\"Municipalismo en movimiento\" width=\"300\" height=\"283\" \/><\/a><\/p>\n<blockquote><p>Plenario<br \/>\nAl terminar los talleres haremos un breve Plenario para poner en com\u00fan los debates y conclusiones a las que hayamos llegado.<\/p><\/blockquote>\n<p>Puedes apuntarte y difundir a los amigos con el enlace al <a href=\"https:\/\/www.facebook.com\/events\/1790483414586209\" target=\"_blank\">evento en Fb<\/a><\/p>\n","protected":false},"excerpt":{"rendered":"<p>Madrid por el municipalismo (http:\/\/madridxmunicipalismo.info\/) se acerca a Tres Cantos junto a Taller de Futuro para darse a conocer en la zona norte de Madrid, a trav\u00e9s de dos talleres. Ser\u00e1 el domingo 28 de enero a las 11.30, en la Casa de la Cultura. Aulas 82 y 90 (1\u00ba piso) &#8211; Plaza del Ayuntamiento &hellip; <a href=\"http:\/\/tallerdefuturo.org\/?p=250\" class=\"more-link\">Continuar leyendo<span class=\"screen-reader-text\"> \u00ab28-Enero Encuentro municipalista en Tres Cantos\u00bb<\/span><\/a><\/p>\n","protected":false},"author":5,"featured_media":251,"comment_status":"open","ping_status":"open","sticky":false,"template":"","format":"standard","meta":{"footnotes":""},"categories":[1],"tags":[],"class_list":["post-250","post","type-post","status-publish","format-standard","has-post-thumbnail","hentry","category-uncategorized"],"_links":{"self":[{"href":"http:\/\/tallerdefuturo.org\/index.php?rest_route=\/wp\/v2\/posts\/250","targetHints":{"allow":["GET"]}}],"collection":[{"href":"http:\/\/tallerdefuturo.org\/index.php?rest_route=\/wp\/v2\/posts"}],"about":[{"href":"http:\/\/tallerdefuturo.org\/index.php?rest_route=\/wp\/v2\/types\/post"}],"author":[{"embeddable":true,"href":"http:\/\/tallerdefuturo.org\/index.php?rest_route=\/wp\/v2\/users\/5"}],"replies":[{"embeddable":true,"href":"http:\/\/tallerdefuturo.org\/index.php?rest_route=%2Fwp%2Fv2%2Fcomments&post=250"}],"version-history":[{"count":7,"href":"http:\/\/tallerdefuturo.org\/index.php?rest_route=\/wp\/v2\/posts\/250\/revisions"}],"predecessor-version":[{"id":262,"href":"http:\/\/tallerdefuturo.org\/index.php?rest_route=\/wp\/v2\/posts\/250\/revisions\/262"}],"wp:featuredmedia":[{"embeddable":true,"href":"http:\/\/tallerdefuturo.org\/index.php?rest_route=\/wp\/v2\/media\/251"}],"wp:attachment":[{"href":"http:\/\/tallerdefuturo.org\/index.php?rest_route=%2Fwp%2Fv2%2Fmedia&parent=250"}],"wp:term":[{"taxonomy":"category","embeddable":true,"href":"http:\/\/tallerdefuturo.org\/index.php?rest_route=%2Fwp%2Fv2%2Fcategories&post=250"},{"taxonomy":"post_tag","embeddable":true,"href":"http:\/\/tallerdefuturo.org\/index.php?rest_route=%2Fwp%2Fv2%2Ftags&post=250"}],"curies":[{"name":"wp","href":"https:\/\/api.w.org\/{rel}","templated":true}]}}