{"id":267,"date":"2018-04-21T12:47:12","date_gmt":"2018-04-21T11:47:12","guid":{"rendered":"http:\/\/tallerdefuturo.org\/?p=267"},"modified":"2018-04-21T12:47:12","modified_gmt":"2018-04-21T11:47:12","slug":"campana-de-limpiezas-medioambientales-arroyo-valdecarrizo-bodonal-y-tagarral","status":"publish","type":"post","link":"http:\/\/tallerdefuturo.org\/?p=267","title":{"rendered":"Campa\u00f1a de limpiezas medioambientales. Arroyo Valdecarrizo-Bodonal y Tagarral."},"content":{"rendered":"<p>En los \u00faltimos a\u00f1os las amenazas de construcciones municipales en espacios naturales singulares de nuestro territorio <strong>han producido una respuesta ciudadana en defensa del entorno natural<\/strong>: oposici\u00f3n a la construcci\u00f3n de un campo de golf (2010) y tambi\u00e9n a la construcci\u00f3n un cementerio-tanatorio-crematorio ubicado en Valdeloshielos (2014), y m\u00e1s recientemente la creacci\u00f3n de la Plataforma en Defensa del Parque del Este, que defiende la conservaci\u00f3n de esta zona especial frente a la construcci\u00f3n de un campo de golf municipal.<\/p>\n<p>Diversas asociaciones de esta plataforma defienden que para la conservaci\u00f3n y recuperaci\u00f3n de los \u00faltimos espacios naturales de Tres Cantos es preciso considerarlas como un conjunto integrado, como un cintur\u00f3n natural entorno al casco urbano conformado por el Parque de los Alcornoques, el Parque del Este, los bosques de galer\u00eda sobre el arroyo de Valdecarrizo-Bodonal y del Moralejo en el Tagarral y del arroyo Tejada en Valdeloshielos, completando el cintur\u00f3n los espacios protegidos de el Monte de El Pardo y el Soto de Vi\u00f1uelas.<\/p>\n<p>La falta de inter\u00e9s del gobierno municipal sobre la conservaci\u00f3n y vigilancia de estos espacios, a pesar de su responsabilidad legal, en las \u00faltimas d\u00e9cadas ha llevado como consecuencia a la degradaci\u00f3n de estas zonas en las proximidades de las zonas urbanizadas m\u00e1s pr\u00f3ximas: vertidos ilegales de residuos y escombros, suciedad dispersa en torno a las v\u00edas de acceso, degradaci\u00f3n de habitats de inter\u00e9s comunitario,&#8230;<\/p>\n<p>Frente a esta ineficacia municipal, involuntaria o premeditada lo mismo da, estas asociaciones se vuelcan en sus \u00fanicos medios de acci\u00f3n: la sensibilizaci\u00f3n y educaci\u00f3n medioambiental de la sociedad, campa\u00f1as de repoblaci\u00f3n y recogida de residuos dirigidas a la puesta en valor del territorio por los mismos vecinos.<\/p>\n<p>Recuperando estas \u00faltimas, ma\u00f1ana\u00a0Domingo 22 de abril iniciamos una serie de recogidas de residuos en el entorno de Tres Cantos, organizadas por ARBA Tres Cantos. El objetivo es concienciar tanto a la ciudadan\u00eda como a las autoridades sobre la importancia de cuidar nuestro entorno y defenderlo de las constantes agresiones que sufre a trav\u00e9s de los vertidos de basuras. Nuestro campo se merece estar limpio y bien conservado.<\/p>\n<p>Aunque llevar\u00e1n guantes, recomiendan llevar guantes personales si es posible.<\/p>\n<p><a href=\"http:\/\/asamblea3cantos.org\/limpieza-en-el-arroyo-valdecarrizo-bodonal-y-tagarral\/excursion\/\" rel=\"attachment wp-att-233\"><img loading=\"lazy\" decoding=\"async\" class=\"alignnone wp-image-233\" src=\"http:\/\/asamblea3cantos.org\/wp-content\/uploads\/2018\/04\/EXCURSION.jpg\" alt=\"\" width=\"522\" height=\"294\" \/>\u00a0\u00a0<\/a><a href=\"http:\/\/asamblea3cantos.org\/limpieza-en-el-arroyo-valdecarrizo-bodonal-y-tagarral\/dsc_0084\/\" rel=\"attachment wp-att-234\"><img loading=\"lazy\" decoding=\"async\" class=\"alignnone wp-image-234\" src=\"http:\/\/asamblea3cantos.org\/wp-content\/uploads\/2018\/04\/DSC_0084.jpg\" alt=\"\" width=\"443\" height=\"293\" \/><\/a><\/p>\n<p><a href=\"http:\/\/asamblea3cantos.org\/limpieza-en-el-arroyo-valdecarrizo-bodonal-y-tagarral\/dsc_0683\/\" rel=\"attachment wp-att-235\"><img loading=\"lazy\" decoding=\"async\" class=\"alignnone wp-image-235\" src=\"http:\/\/asamblea3cantos.org\/wp-content\/uploads\/2018\/04\/DSC_0683.jpg\" alt=\"\" width=\"487\" height=\"323\" \/>\u00a0\u00a0<\/a><a href=\"http:\/\/asamblea3cantos.org\/limpieza-en-el-arroyo-valdecarrizo-bodonal-y-tagarral\/dsc_0625\/\" rel=\"attachment wp-att-236\"><img loading=\"lazy\" decoding=\"async\" class=\"alignnone wp-image-236\" src=\"http:\/\/asamblea3cantos.org\/wp-content\/uploads\/2018\/04\/DSC_0625.jpg\" alt=\"\" width=\"487\" height=\"324\" \/><\/a><\/p>\n<p>&nbsp;<\/p>\n<p>&nbsp;<\/p>\n","protected":false},"excerpt":{"rendered":"<p>En los \u00faltimos a\u00f1os las amenazas de construcciones municipales en espacios naturales singulares de nuestro territorio han producido una respuesta ciudadana en defensa del entorno natural: oposici\u00f3n a la construcci\u00f3n de un campo de golf (2010) y tambi\u00e9n a la construcci\u00f3n un cementerio-tanatorio-crematorio ubicado en Valdeloshielos (2014), y m\u00e1s recientemente la creacci\u00f3n de la Plataforma &hellip; <a href=\"http:\/\/tallerdefuturo.org\/?p=267\" class=\"more-link\">Continuar leyendo<span class=\"screen-reader-text\"> \u00abCampa\u00f1a de limpiezas medioambientales. Arroyo Valdecarrizo-Bodonal y Tagarral.\u00bb<\/span><\/a><\/p>\n","protected":false},"author":5,"featured_media":268,"comment_status":"open","ping_status":"open","sticky":false,"template":"","format":"standard","meta":{"footnotes":""},"categories":[1],"tags":[55,54,57,60,59,58,52,36,53,56],"class_list":["post-267","post","type-post","status-publish","format-standard","has-post-thumbnail","hentry","category-uncategorized","tag-arroyo-tejada","tag-bodonal","tag-monte-de-el-pardo","tag-parque-de-los-alcornoques","tag-parque-del-este","tag-soto-de-vinuelas","tag-tagarral","tag-tres-cantos","tag-valdecarrizo","tag-valdeloshielos"],"_links":{"self":[{"href":"http:\/\/tallerdefuturo.org\/index.php?rest_route=\/wp\/v2\/posts\/267","targetHints":{"allow":["GET"]}}],"collection":[{"href":"http:\/\/tallerdefuturo.org\/index.php?rest_route=\/wp\/v2\/posts"}],"about":[{"href":"http:\/\/tallerdefuturo.org\/index.php?rest_route=\/wp\/v2\/types\/post"}],"author":[{"embeddable":true,"href":"http:\/\/tallerdefuturo.org\/index.php?rest_route=\/wp\/v2\/users\/5"}],"replies":[{"embeddable":true,"href":"http:\/\/tallerdefuturo.org\/index.php?rest_route=%2Fwp%2Fv2%2Fcomments&post=267"}],"version-history":[{"count":1,"href":"http:\/\/tallerdefuturo.org\/index.php?rest_route=\/wp\/v2\/posts\/267\/revisions"}],"predecessor-version":[{"id":269,"href":"http:\/\/tallerdefuturo.org\/index.php?rest_route=\/wp\/v2\/posts\/267\/revisions\/269"}],"wp:featuredmedia":[{"embeddable":true,"href":"http:\/\/tallerdefuturo.org\/index.php?rest_route=\/wp\/v2\/media\/268"}],"wp:attachment":[{"href":"http:\/\/tallerdefuturo.org\/index.php?rest_route=%2Fwp%2Fv2%2Fmedia&parent=267"}],"wp:term":[{"taxonomy":"category","embeddable":true,"href":"http:\/\/tallerdefuturo.org\/index.php?rest_route=%2Fwp%2Fv2%2Fcategories&post=267"},{"taxonomy":"post_tag","embeddable":true,"href":"http:\/\/tallerdefuturo.org\/index.php?rest_route=%2Fwp%2Fv2%2Ftags&post=267"}],"curies":[{"name":"wp","href":"https:\/\/api.w.org\/{rel}","templated":true}]}}