{"id":285,"date":"2018-08-14T20:24:06","date_gmt":"2018-08-14T19:24:06","guid":{"rendered":"http:\/\/tallerdefuturo.org\/?p=285"},"modified":"2019-07-04T09:13:39","modified_gmt":"2019-07-04T07:13:39","slug":"derechos-humanos-y-principio-de-rescate-en-el-mar","status":"publish","type":"post","link":"http:\/\/tallerdefuturo.org\/?p=285","title":{"rendered":"Derechos Humanos y principio de rescate en el mar"},"content":{"rendered":"<p>A continuaci\u00f3n enlazo dos documentos de referencia, con un breve texto a modo de introducci\u00f3n, que nos pueden ayudar a entender porque es tan importante el respeto de los Derechos de los Refugiados y el principio de rescate en el mar. Los Derechos Humanos no pueden entenderse sin el respeto de los derechos fundamentales de las personas migrantes, a pesar de las pol\u00edticas migratorias europeas que los vulneran repetidamente.<\/p>\n<p>La excusa permanente de esta vulneraci\u00f3n es el control de la inmigraci\u00f3n irregular y la seguridad de las fronteras, que sirve de parapeto legal a estas pol\u00edticas, a trav\u00e9s acuerdos bilaterales de readmisi\u00f3n para enmascarar devoluciones a pa\u00edses donde se exponen a las personas extranjeras a un grave riesgo, devoluciones en cadena, expulsiones colectivas, todos ellas sin las garant\u00edas procedimentales m\u00ednimas.<\/p>\n<p>As\u00ed desde hace d\u00e9cadas, asistimos a\u00f1o tras a\u00f1o a cada rescate en el mar, a cada naufragio, a cada salto de la valla,\u2026 repitiendo el mismo bucle pol\u00edtico de los estados europeos, atascados permanentemente y sin voluntad de dar una respuesta humanitaria a una serie de conflictos geopol\u00edticos y militares de los que en buena medida Europa es responsable. Parad\u00f3jicamente, buena parte de los fondos europeos para la cooperaci\u00f3n al desarrollo se est\u00e1n destinando a proyectos de formaci\u00f3n y gesti\u00f3n de fronteras, en lugar de dirigirse a la erradicaci\u00f3n de la pobreza y la reducci\u00f3n de las desigualdades (<a href=\"https:\/\/www.eldiario.es\/desalambre\/controlar-migraciones-UE-fondos-pobreza_0_646736351.html\">https:\/\/www.eldiario.es\/desalambre\/controlar-migraciones-UE-fondos-pobreza_0_646736351.html<\/a>)<\/p>\n<p><strong>1- Acceso a la protecci\u00f3n: un Derecho Humano<\/strong>. CEAR.<\/p>\n<p><a href=\"https:\/\/www.cear.es\/wp-content\/uploads\/2013\/05\/INFORME-FINAL.pdf\">https:\/\/www.cear.es\/wp-content\/uploads\/2013\/05\/INFORME-FINAL.pdf<\/a><\/p>\n<p>El 23 de febrero de 2012 tuvo lugar un importante pronunciamiento del Tribunal Europeo de Derechos Humanos en el caso Hirsi Jamaa y otros c. Italia.<\/p>\n<p>\u00abAs\u00ed la sentencia recuerda una vez m\u00e1s el principio de no-devoluci\u00f3n, o la prohibici\u00f3n de devolver a una persona a un pa\u00eds donde corra riesgo de ser sometido a tortura, tratos inhumanos o degradantes. Igualmente, por primera vez, establece la prohibici\u00f3n de expulsiones colectivas en alta mar.<!--more--><\/p>\n<p>Y una serie de garant\u00edas procedimentales (asistencia letrada y de int\u00e9rprete, derecho a la informaci\u00f3n, acceso a remedios efectivos contra la devoluci\u00f3n, obligaci\u00f3n del Estado parte de averiguar el trato al que ser\u00e1 sometido en el pa\u00eds de destino), imprescindibles para el respeto de los derechos fundamentales de las personas migrantes.<\/p>\n<p>El caso Hirsi tuvo una inmediata repercusi\u00f3n en los medios de comunicaci\u00f3n y en la academia espa\u00f1ola, aunque no tanto en nuestra legislaci\u00f3n y jurisprudencia.<\/p>\n<p>El profesor Carillo Salcedo, destacaba la relevancia de dicha sentencia para la protecci\u00f3n de los derechos fundamentales de las personas en situaci\u00f3n irregular, calific\u00e1ndola como \u201chist\u00f3rica\u201d dentro de una l\u00ednea jurisprudencial claramente favorable a la protecci\u00f3n de los derechos de seres humanos que no deben quedar en un limbo.\u00bb<\/p>\n<p><strong>2- SALVAMENTO EN EL MAR. Una gu\u00eda sobre los principios y pr\u00e1cticas aplicables a refugiados y migrantes<\/strong>. OMI-ICS-ACNUR.<\/p>\n<p><a href=\"http:\/\/www.refworld.org\/cgi-bin\/texis\/vtx\/rwmain\/opendocpdf.pdf?reldoc=y&amp;docid=555c488e4\">http:\/\/www.refworld.org\/cgi-bin\/texis\/vtx\/rwmain\/opendocpdf.pdf?reldoc=y&amp;docid=555c488e4<\/a><\/p>\n<p>\u00abel salvamento y el desembarco en un lugar seguro son operaciones complejas que requieren la participaci\u00f3n de diferentes actores, cada uno de los cuales tiene sus obligaciones particulares en virtud del derecho mar\u00edtimo internacional, adem\u00e1s de otras ramas del derecho internacional tales como el derecho de los refugiados y los derechos humanos.<\/p>\n<p>Aun cuando se logre el salvamento, pueden surgir problemas en el momento de procurar que los Estados permitan el desembarco de migrantes y refugiados. Conscientes de este problema, los Estados Miembros de la Organizaci\u00f3n Mar\u00edtima Internacional (OMI) adoptaron en 2004 una serie de enmiendas a dos de los convenios mar\u00edtimos internacionales m\u00e1s relevantes.<\/p>\n<p>Del mismo modo que el capit\u00e1n del buque tiene la obligaci\u00f3n de brindar asistencia, los Estados Miembros tienen la obligaci\u00f3n complementaria de coordinar y cooperar para que las personas que han sido rescatadas en el mar puedan ser trasladadas a un lugar seguro lo antes posible.\u00bb<\/p>\n","protected":false},"excerpt":{"rendered":"<p>A continuaci\u00f3n enlazo dos documentos de referencia, con un breve texto a modo de introducci\u00f3n, que nos pueden ayudar a entender porque es tan importante el respeto de los Derechos de los Refugiados y el principio de rescate en el mar. Los Derechos Humanos no pueden entenderse sin el respeto de los derechos fundamentales de &hellip; <a href=\"http:\/\/tallerdefuturo.org\/?p=285\" class=\"more-link\">Continuar leyendo<span class=\"screen-reader-text\"> \u00abDerechos Humanos y principio de rescate en el mar\u00bb<\/span><\/a><\/p>\n","protected":false},"author":5,"featured_media":300,"comment_status":"open","ping_status":"open","sticky":false,"template":"","format":"standard","meta":{"footnotes":""},"categories":[1],"tags":[],"class_list":["post-285","post","type-post","status-publish","format-standard","has-post-thumbnail","hentry","category-uncategorized"],"_links":{"self":[{"href":"http:\/\/tallerdefuturo.org\/index.php?rest_route=\/wp\/v2\/posts\/285","targetHints":{"allow":["GET"]}}],"collection":[{"href":"http:\/\/tallerdefuturo.org\/index.php?rest_route=\/wp\/v2\/posts"}],"about":[{"href":"http:\/\/tallerdefuturo.org\/index.php?rest_route=\/wp\/v2\/types\/post"}],"author":[{"embeddable":true,"href":"http:\/\/tallerdefuturo.org\/index.php?rest_route=\/wp\/v2\/users\/5"}],"replies":[{"embeddable":true,"href":"http:\/\/tallerdefuturo.org\/index.php?rest_route=%2Fwp%2Fv2%2Fcomments&post=285"}],"version-history":[{"count":3,"href":"http:\/\/tallerdefuturo.org\/index.php?rest_route=\/wp\/v2\/posts\/285\/revisions"}],"predecessor-version":[{"id":289,"href":"http:\/\/tallerdefuturo.org\/index.php?rest_route=\/wp\/v2\/posts\/285\/revisions\/289"}],"wp:featuredmedia":[{"embeddable":true,"href":"http:\/\/tallerdefuturo.org\/index.php?rest_route=\/wp\/v2\/media\/300"}],"wp:attachment":[{"href":"http:\/\/tallerdefuturo.org\/index.php?rest_route=%2Fwp%2Fv2%2Fmedia&parent=285"}],"wp:term":[{"taxonomy":"category","embeddable":true,"href":"http:\/\/tallerdefuturo.org\/index.php?rest_route=%2Fwp%2Fv2%2Fcategories&post=285"},{"taxonomy":"post_tag","embeddable":true,"href":"http:\/\/tallerdefuturo.org\/index.php?rest_route=%2Fwp%2Fv2%2Ftags&post=285"}],"curies":[{"name":"wp","href":"https:\/\/api.w.org\/{rel}","templated":true}]}}